{"id":2060,"date":"2018-02-09T11:14:28","date_gmt":"2018-02-09T10:14:28","guid":{"rendered":"https:\/\/www.oiartzoikastola.eus\/?p=2060"},"modified":"2018-02-19T10:31:03","modified_gmt":"2018-02-19T09:31:03","slug":"isilpeko-larrialdiak","status":"publish","type":"post","link":"https:\/\/www.oiartzoikastola.eus\/es\/isilpeko-larrialdiak\/","title":{"rendered":"Isilpeko larrialdiak"},"content":{"rendered":"<p><img loading=\"lazy\" decoding=\"async\" class=\"alignright size-medium wp-image-2043\" src=\"https:\/\/www.oiartzoikastola.eus\/wp-content\/uploads\/2018\/02\/DSCF1827ebakia-300x233.jpg\" alt=\"isilpeko larrialdiak\" width=\"300\" height=\"233\" srcset=\"https:\/\/www.oiartzoikastola.eus\/wp-content\/uploads\/2018\/02\/DSCF1827ebakia-300x233.jpg 300w, https:\/\/www.oiartzoikastola.eus\/wp-content\/uploads\/2018\/02\/DSCF1827ebakia-768x596.jpg 768w, https:\/\/www.oiartzoikastola.eus\/wp-content\/uploads\/2018\/02\/DSCF1827ebakia-1030x799.jpg 1030w, https:\/\/www.oiartzoikastola.eus\/wp-content\/uploads\/2018\/02\/DSCF1827ebakia-1500x1163.jpg 1500w, https:\/\/www.oiartzoikastola.eus\/wp-content\/uploads\/2018\/02\/DSCF1827ebakia-705x547.jpg 705w, https:\/\/www.oiartzoikastola.eus\/wp-content\/uploads\/2018\/02\/DSCF1827ebakia-450x349.jpg 450w\" sizes=\"auto, (max-width: 300px) 100vw, 300px\" \/>El pasado 2 de febrero los alumnos de 1\u00ba participaron en las sesiones, una por aula, denominadas\u00a0<strong>Isilpeko Larrialdiak<\/strong> (emergencias silenciosas).<\/p>\n<p>El objetivo de esas sesiones es que los j\u00f3venes puedan recibir informaci\u00f3n fiable y pr\u00e1ctica sobre dudas y cuestiones que son dif\u00edciles de compartir con los adultos.<\/p>\n<p>La experta Virginia Belategi, de EraiN Salud Integral, dirigi\u00f3 las sesiones.<\/p>\n<p>&nbsp;<\/p>\n","protected":false},"excerpt":{"rendered":"<p>El pasado 2 de febrero los alumnos de 1\u00ba participaron en las sesiones, una por aula, denominadas\u00a0Isilpeko Larrialdiak (emergencias silenciosas). El objetivo de esas sesiones es que los j\u00f3venes puedan recibir informaci\u00f3n fiable y pr\u00e1ctica sobre dudas y cuestiones que son dif\u00edciles de compartir con los adultos. La experta Virginia Belategi, de EraiN Salud Integral, [&hellip;]<\/p>\n","protected":false},"author":3,"featured_media":2044,"comment_status":"closed","ping_status":"closed","sticky":false,"template":"","format":"standard","meta":{"_acf_changed":false,"footnotes":""},"categories":[13],"tags":[90],"class_list":["post-2060","post","type-post","status-publish","format-standard","has-post-thumbnail","hentry","category-novedades","tag-emergencia"],"acf":[],"_links":{"self":[{"href":"https:\/\/www.oiartzoikastola.eus\/es\/wp-json\/wp\/v2\/posts\/2060","targetHints":{"allow":["GET"]}}],"collection":[{"href":"https:\/\/www.oiartzoikastola.eus\/es\/wp-json\/wp\/v2\/posts"}],"about":[{"href":"https:\/\/www.oiartzoikastola.eus\/es\/wp-json\/wp\/v2\/types\/post"}],"author":[{"embeddable":true,"href":"https:\/\/www.oiartzoikastola.eus\/es\/wp-json\/wp\/v2\/users\/3"}],"replies":[{"embeddable":true,"href":"https:\/\/www.oiartzoikastola.eus\/es\/wp-json\/wp\/v2\/comments?post=2060"}],"version-history":[{"count":2,"href":"https:\/\/www.oiartzoikastola.eus\/es\/wp-json\/wp\/v2\/posts\/2060\/revisions"}],"predecessor-version":[{"id":2064,"href":"https:\/\/www.oiartzoikastola.eus\/es\/wp-json\/wp\/v2\/posts\/2060\/revisions\/2064"}],"wp:featuredmedia":[{"embeddable":true,"href":"https:\/\/www.oiartzoikastola.eus\/es\/wp-json\/wp\/v2\/media\/2044"}],"wp:attachment":[{"href":"https:\/\/www.oiartzoikastola.eus\/es\/wp-json\/wp\/v2\/media?parent=2060"}],"wp:term":[{"taxonomy":"category","embeddable":true,"href":"https:\/\/www.oiartzoikastola.eus\/es\/wp-json\/wp\/v2\/categories?post=2060"},{"taxonomy":"post_tag","embeddable":true,"href":"https:\/\/www.oiartzoikastola.eus\/es\/wp-json\/wp\/v2\/tags?post=2060"}],"curies":[{"name":"wp","href":"https:\/\/api.w.org\/{rel}","templated":true}]}}