{"id":3181,"date":"2019-12-04T14:57:56","date_gmt":"2019-12-04T13:57:56","guid":{"rendered":"https:\/\/www.oiartzoikastola.eus\/une-zailenetan-ere-euskaraz\/"},"modified":"2019-12-04T15:05:16","modified_gmt":"2019-12-04T14:05:16","slug":"une-zailenetan-ere-euskaraz","status":"publish","type":"post","link":"https:\/\/www.oiartzoikastola.eus\/es\/une-zailenetan-ere-euskaraz\/","title":{"rendered":"Une zailenetan ere euskaraz!"},"content":{"rendered":"\n<div class=\"wp-block-image\"><figure class=\"alignright size-large is-resized\"><img loading=\"lazy\" decoding=\"async\" src=\"https:\/\/www.oiartzoikastola.eus\/wp-content\/uploads\/2019\/12\/Euskara-Eguna-1030x773.jpeg\" alt=\"Euskara Eguna\" class=\"wp-image-3174\" width=\"481\" height=\"361\" srcset=\"https:\/\/www.oiartzoikastola.eus\/wp-content\/uploads\/2019\/12\/Euskara-Eguna-1030x773.jpeg 1030w, https:\/\/www.oiartzoikastola.eus\/wp-content\/uploads\/2019\/12\/Euskara-Eguna-300x225.jpeg 300w, https:\/\/www.oiartzoikastola.eus\/wp-content\/uploads\/2019\/12\/Euskara-Eguna-768x576.jpeg 768w, https:\/\/www.oiartzoikastola.eus\/wp-content\/uploads\/2019\/12\/Euskara-Eguna-1536x1152.jpeg 1536w, https:\/\/www.oiartzoikastola.eus\/wp-content\/uploads\/2019\/12\/Euskara-Eguna-1500x1125.jpeg 1500w, https:\/\/www.oiartzoikastola.eus\/wp-content\/uploads\/2019\/12\/Euskara-Eguna-705x529.jpeg 705w, https:\/\/www.oiartzoikastola.eus\/wp-content\/uploads\/2019\/12\/Euskara-Eguna-450x338.jpeg 450w, https:\/\/www.oiartzoikastola.eus\/wp-content\/uploads\/2019\/12\/Euskara-Eguna.jpeg 2016w\" sizes=\"auto, (max-width: 481px) 100vw, 481px\" \/><\/figure><\/div>\n\n\n\n<p>\u00c9ste ha sido el lema del cartel ganador del concurso de carteles, realizado por Amaia Garrido e Iker Santos.<\/p>\n\n\n\n<p>Este concurso se repite todos los a\u00f1os en el <strong>D\u00cdA DEL EUSKERA,<\/strong> pero no es la \u00fanica actividad que se realiza: el grupo de estudiantes prepara una jornada divertida para celebrar el d\u00eda. \u00a0<\/p>\n\n\n\n<p>\u00a1Que tengamos m\u00e1s momentos agradables en euskera que momentos dif\u00edciles!<\/p>\n","protected":false},"excerpt":{"rendered":"<p>\u00c9ste ha sido el lema del cartel ganador del concurso de carteles, realizado por Amaia Garrido e Iker Santos. Este concurso se repite todos los a\u00f1os en el D\u00cdA DEL EUSKERA, pero no es la \u00fanica actividad que se realiza: el grupo de estudiantes prepara una jornada divertida para celebrar el d\u00eda. \u00a0 \u00a1Que tengamos [&hellip;]<\/p>\n","protected":false},"author":3,"featured_media":3179,"comment_status":"closed","ping_status":"closed","sticky":false,"template":"","format":"standard","meta":{"_acf_changed":false,"footnotes":""},"categories":[13],"tags":[70],"class_list":["post-3181","post","type-post","status-publish","format-standard","has-post-thumbnail","hentry","category-novedades","tag-euskera"],"acf":[],"_links":{"self":[{"href":"https:\/\/www.oiartzoikastola.eus\/es\/wp-json\/wp\/v2\/posts\/3181","targetHints":{"allow":["GET"]}}],"collection":[{"href":"https:\/\/www.oiartzoikastola.eus\/es\/wp-json\/wp\/v2\/posts"}],"about":[{"href":"https:\/\/www.oiartzoikastola.eus\/es\/wp-json\/wp\/v2\/types\/post"}],"author":[{"embeddable":true,"href":"https:\/\/www.oiartzoikastola.eus\/es\/wp-json\/wp\/v2\/users\/3"}],"replies":[{"embeddable":true,"href":"https:\/\/www.oiartzoikastola.eus\/es\/wp-json\/wp\/v2\/comments?post=3181"}],"version-history":[{"count":2,"href":"https:\/\/www.oiartzoikastola.eus\/es\/wp-json\/wp\/v2\/posts\/3181\/revisions"}],"predecessor-version":[{"id":3184,"href":"https:\/\/www.oiartzoikastola.eus\/es\/wp-json\/wp\/v2\/posts\/3181\/revisions\/3184"}],"wp:featuredmedia":[{"embeddable":true,"href":"https:\/\/www.oiartzoikastola.eus\/es\/wp-json\/wp\/v2\/media\/3179"}],"wp:attachment":[{"href":"https:\/\/www.oiartzoikastola.eus\/es\/wp-json\/wp\/v2\/media?parent=3181"}],"wp:term":[{"taxonomy":"category","embeddable":true,"href":"https:\/\/www.oiartzoikastola.eus\/es\/wp-json\/wp\/v2\/categories?post=3181"},{"taxonomy":"post_tag","embeddable":true,"href":"https:\/\/www.oiartzoikastola.eus\/es\/wp-json\/wp\/v2\/tags?post=3181"}],"curies":[{"name":"wp","href":"https:\/\/api.w.org\/{rel}","templated":true}]}}