{"id":6734,"date":"2025-06-13T14:44:02","date_gmt":"2025-06-13T12:44:02","guid":{"rendered":"https:\/\/www.oiartzoikastola.eus\/mugaz-gaineko-zubiak-eraikiz-hitzarmena-berritu-dugu-zortzi-ikastolak\/"},"modified":"2025-06-13T14:50:48","modified_gmt":"2025-06-13T12:50:48","slug":"mugaz-gaineko-zubiak-eraikiz-hitzarmena-berritu-dugu-zortzi-ikastolak","status":"publish","type":"post","link":"https:\/\/www.oiartzoikastola.eus\/es\/mugaz-gaineko-zubiak-eraikiz-hitzarmena-berritu-dugu-zortzi-ikastolak\/","title":{"rendered":"Ocho Ikastolas hemos renovado el acuerdo transfronterizo Zubiak Eraikiz"},"content":{"rendered":"\n<p>El Acuerdo <strong><a href=\"https:\/\/www.zubiakeraikiz.eus\/eu\" target=\"_blank\" rel=\"noreferrer noopener\">Zubiak Eraikiz<\/a><\/strong> inici\u00f3 su camino en 2016 con cicno Ikastolas de Iparralde y Gipuzkoa. Ahora lo hemos renovado entre Gure Ikastola de Hendaia, Kaskarotenea y Piarres Larzabal Kolegioa de Ziburu, la ikastola de Biriatu, Labiaga Ikastola de Bera, Tantirumairu de Lesaka, Baztan Ikastola de Elizondo y Orereta-Oiartzo Ikastola. El proyecto ha contado con la subvenci\u00f3n de la <a href=\"https:\/\/www.euroregion-naen.eu\/es\/\" target=\"_blank\" rel=\"noreferrer noopener\">Eurorregi\u00f3n<\/a> durante los dos \u00faltimos cursos, ayundando a su renovaci\u00f3n y fortalecimiento.<\/p>\n\n<p>Hemos renovado el Acuerdo <strong>Zubiak Eraikiz<\/strong> en Hendaia, donde desemboca el r\u00edo Bidasoa. Hoy por hoy, las <strong>Ikastolas<\/strong> que participamos en el proyecto <strong>Zubiak Eraikiz<\/strong> estamos unidos por el r\u00edo Bidasoa. El Bidasoa es algo m\u00e1s que un r\u00edo para las <strong>Ikastolas<\/strong> participantes: es \u201cura bere bidean\u201d. Es tranquilidad, sosiego, movimiento, vida, uni\u00f3n. Formando hermosos r\u00edos a partir de peque\u00f1os caudales, uniendo tranquilamente y sin interrupci\u00f3n dos orillas, creando vida, trayendo cosecha, proclamando y haciendo su camino, uni\u00e9ndose en el mar todos los caudales y todos los r\u00edos. El agua haciendo su camino; y las <strong>Ikastolas<\/strong> haciendo nuestro camino. Creando puentes.<\/p>\n\n<p>Hemos comenzado el acto de la renovaci\u00f3n del acuerdo con un recital de poemas musicados de la mano de cinco alumnas, hablando de hilos y puentes. La y el profesor Irati Muxika e Iker Altuna han tomado la palabra para explicar la trayectoria del proyecto <strong>Zubiak Eraikiz<\/strong> hasta el momento y sus objetivos futuros.<\/p>\n\n<hr class=\"wp-block-separator has-alpha-channel-opacity\"\/>\n\n<h3 class=\"wp-block-heading\"><strong>\u00bfDe d\u00f3nde viene Zubiak Eraikiz?<\/strong><\/h3>\n\n<hr class=\"wp-block-separator has-alpha-channel-opacity\"\/>\n\n<p>Aunque estamos divididos en tres \u00e1mbitos administrativos, por encima de eso, el proyecto de las <strong>Ikastolas<\/strong> es de Euskal Herria y trabajamos conjuntamente y en colaboraci\u00f3n. M\u00e1s all\u00e1 de las fronteras administrativas, <strong>Zubiak Eraikiz<\/strong> pretende crear y fortalecer las relaciones entre las <strong>Ikastolas<\/strong>, el profesorado, el alumnado y las familias; dar la oportunidad de conocer la realidad de unos y otras estando a tan pocos kil\u00f3metros de distancia; trabajar la perspectiva de Euskal Herria con el euskera como lengua com\u00fan para todos y todas; y ofrecer apoyo a las <strong>Ikastolas<\/strong> que m\u00e1s lo necesiten. <strong>Zubiak Eraikiz<\/strong> es un proyecto para construir desde la actividad diaria una Euskal Herria sin fronteras administrativas. Varias <strong>Ikastolas<\/strong> con diferentes historias, or\u00edgenes, tama\u00f1os, caracter\u00edsticas, realidades, comunidades\u2026; varias <strong>Ikastolas<\/strong> iguales que quieren construir una Euskal Herria m\u00e1s all\u00e1 de las fronteras administrativas.<\/p>\n\n<p>Durante los dos primeros a\u00f1os se dio especial importancia al conocimiento mutuo: intercambios de cartas y encuentros presenciales entre el alumnado, intercambios de grupos de trabajo de padres y madres en las txosnas de las <strong>Ikastolas<\/strong> en fiestas patronales\u2026 En 2018 se decidi\u00f3 hacer una primera valoraci\u00f3n y avanzar con el acuerdo, fijando las l\u00edneas de trabajo y considerando que hab\u00eda unas condiciones laborales adecuadas. Tras la llegada del COVID19, sin embargo, el proyecto <strong>Zubiak Eraikiz<\/strong> tuvo que parar y comenz\u00f3 a a recuperar su actividad en el curso 2021-2022. En el curso 2023-24 lleg\u00f3 la subvenci\u00f3n del programa Nueva Aquitania \u2013 Euskadi \u2013 Navarra de la Eurorregi\u00f3n, que ha contribuido a consolidar y fomentar el proyecto hasta la actualidad.<\/p>\n\n<hr class=\"wp-block-separator has-alpha-channel-opacity\"\/>\n\n<h3 class=\"wp-block-heading\"><strong>\u00bfA d\u00f3nde va Zubiak Eraikiz?<\/strong><\/h3>\n\n<hr class=\"wp-block-separator has-alpha-channel-opacity\"\/>\n\n<p>Con la renovaci\u00f3n del acuerdo, se pretende estabilizar el proyecto, hacerlo constante en el tiempo. El proyecto <strong>Zubiak Eraikiz<\/strong> tambi\u00e9n busca la solidaridad entre las y los participantes y compartir innovaciones pedag\u00f3gicas. Por \u00faltimo, se pretende impulsar la expansi\u00f3n: <strong>Zubiak Eraikiz<\/strong> es un proyecto vivo que tiene como objetivo acercar el Bidasoa y el Ebro a trav\u00e9s de la conexi\u00f3n de los caudales de agua de las regatas, ya que son muchas otras <strong>Ikastolas<\/strong> que mantienen relaciones m\u00e1s all\u00e1 de las fronteras administrativas; tambi\u00e9n ellas est\u00e1n haciendo su camino.<\/p>\n\n<p>En el acto de Hendaia tambi\u00e9n han participado Sophie Layus, Oier Sanjurjo y Nekane Artola; los presidentes de Seaska, Nafarroako Ikastolak y Euskal Herriko Ikastolak, respectivamente. Han unido el proyecto <strong>Zubiak Eraikiz<\/strong> al euskera, al pueblo y a las propias <strong>Ikastolas<\/strong>.<\/p>\n\n<p>Layus lo ha relacionado con el euskera. \u201c<strong>Zubiak Eraikiz<\/strong> crea espacios c\u00f3modos para que el alumnado pueda expresarse en euskera. La funci\u00f3n principal de las <strong>Ikastolas<\/strong> es ofrecer los recursos y espacios necesarios para que las y los alumnos aprendan y vivan en euskera. Entre otras cosas, para que realicen su carrera como estudiantes en unas condiciones ling\u00fc\u00edsticas dignas y puedan optar por vivir en euskera. Pero, desgraciadamente, no todo es oro: el derecho a estudiar en euskera est\u00e1 frustrado porque proh\u00edben a las y los alumnos de Iparralde realizar los ex\u00e1menes en euskera\u201d. En v\u00edsperas de los ex\u00e1menes de Baxoa y Brebeta, ha reivindicado el derecho a realizar los ex\u00e1menes en euskera en Iparralde.<\/p>\n\n<p>Sanjurjo ha vinculado con el pueblo el Acuerdo<strong> Zubiak Eraikiz<\/strong>. Ha mencionado que permite conocer nuestros pueblos y sus realidades. \u201cLa comunidad est\u00e1 formada por alumnado, trabajadores y familias comprometidos con el pueblo y seguiremos construyendo puentes entre Lapurdi, Gipuzkoa, Nafarroa, Xiberoa, Bizkaia, Behe Nafarroa y Araba porque queremos que las y los alumnos sean parte activa en la construcci\u00f3n de un futuro euskaldun y m\u00e1s justo a trav\u00e9s de <strong>Zubiak Eraikiz<\/strong>\u201d, ha continuado. Tambi\u00e9n ha hecho referencia a sus vivencias y experiencias de su \u00e9poca de alumno. Siendo estudiante de <strong>Lizarrako Ikastola<\/strong> tuvo la ocaci\u00f3n de relacionarse con ni\u00f1os y ni\u00f1as de otras <strong>Ikastolas<\/strong> de Euskal Herria, y eso, entre otras cosas, le hizo ver las diferentes realidades ling\u00fc\u00edsticas de Euskal Herria, en su caso, por tener que sufrir la zonificaci\u00f3n de Nafarroa.<\/p>\n\n<p>Artola ha unido Zubiak Eraikiz con el modelo <strong>Ikastola<\/strong>. \u201cUno de los puntos fuertes de las <strong>Ikastolas<\/strong> es nuestra autonom\u00eda para desarrollar el proyecto educativo. Somos una red y eso nos permite construir un modelo. Cada <strong>Ikastola<\/strong> es aut\u00f3noma y a su vez forma parte de una red, lo que permite extender proyectos como <strong>Zubiak Eraikiz<\/strong> e incidir en toda la red. <strong>Zubiak Eraikiz<\/strong> recoge los valores y objetivos del modelo <strong>Ikastola<\/strong>. <strong>Zubiak Eraikiz<\/strong> responde a la pregunta de por qu\u00e9 y para qu\u00e9 las <strong>lkastolas<\/strong>\u201d.<\/p>\n\n<figure class=\"wp-block-image size-large\"><img loading=\"lazy\" decoding=\"async\" width=\"1030\" height=\"773\" src=\"https:\/\/www.oiartzoikastola.eus\/wp-content\/uploads\/2025\/06\/Ikastola-Zubiak-Eraikiz-Hitzarmena-berritzea-7-1030x773.jpg\" alt=\"\" class=\"wp-image-6728\" srcset=\"https:\/\/www.oiartzoikastola.eus\/wp-content\/uploads\/2025\/06\/Ikastola-Zubiak-Eraikiz-Hitzarmena-berritzea-7-1030x773.jpg 1030w, https:\/\/www.oiartzoikastola.eus\/wp-content\/uploads\/2025\/06\/Ikastola-Zubiak-Eraikiz-Hitzarmena-berritzea-7-300x225.jpg 300w, https:\/\/www.oiartzoikastola.eus\/wp-content\/uploads\/2025\/06\/Ikastola-Zubiak-Eraikiz-Hitzarmena-berritzea-7-768x576.jpg 768w, https:\/\/www.oiartzoikastola.eus\/wp-content\/uploads\/2025\/06\/Ikastola-Zubiak-Eraikiz-Hitzarmena-berritzea-7-1536x1152.jpg 1536w, https:\/\/www.oiartzoikastola.eus\/wp-content\/uploads\/2025\/06\/Ikastola-Zubiak-Eraikiz-Hitzarmena-berritzea-7-2048x1536.jpg 2048w, https:\/\/www.oiartzoikastola.eus\/wp-content\/uploads\/2025\/06\/Ikastola-Zubiak-Eraikiz-Hitzarmena-berritzea-7-1500x1125.jpg 1500w, https:\/\/www.oiartzoikastola.eus\/wp-content\/uploads\/2025\/06\/Ikastola-Zubiak-Eraikiz-Hitzarmena-berritzea-7-705x529.jpg 705w\" sizes=\"auto, (max-width: 1030px) 100vw, 1030px\" \/><\/figure>\n","protected":false},"excerpt":{"rendered":"<p>El Acuerdo Zubiak Eraikiz inici\u00f3 su camino en 2016 con cicno Ikastolas de Iparralde y Gipuzkoa. Ahora lo hemos renovado entre Gure Ikastola de Hendaia, Kaskarotenea y Piarres Larzabal Kolegioa de Ziburu, la ikastola de Biriatu, Labiaga Ikastola de Bera, Tantirumairu de Lesaka, Baztan Ikastola de Elizondo y Orereta-Oiartzo Ikastola. El proyecto ha contado con [&hellip;]<\/p>\n","protected":false},"author":5,"featured_media":6731,"comment_status":"closed","ping_status":"closed","sticky":false,"template":"","format":"standard","meta":{"_acf_changed":false,"footnotes":""},"categories":[13],"tags":[466],"class_list":["post-6734","post","type-post","status-publish","format-standard","has-post-thumbnail","hentry","category-novedades","tag-zubiak-eraikiz-es"],"acf":[],"_links":{"self":[{"href":"https:\/\/www.oiartzoikastola.eus\/es\/wp-json\/wp\/v2\/posts\/6734","targetHints":{"allow":["GET"]}}],"collection":[{"href":"https:\/\/www.oiartzoikastola.eus\/es\/wp-json\/wp\/v2\/posts"}],"about":[{"href":"https:\/\/www.oiartzoikastola.eus\/es\/wp-json\/wp\/v2\/types\/post"}],"author":[{"embeddable":true,"href":"https:\/\/www.oiartzoikastola.eus\/es\/wp-json\/wp\/v2\/users\/5"}],"replies":[{"embeddable":true,"href":"https:\/\/www.oiartzoikastola.eus\/es\/wp-json\/wp\/v2\/comments?post=6734"}],"version-history":[{"count":2,"href":"https:\/\/www.oiartzoikastola.eus\/es\/wp-json\/wp\/v2\/posts\/6734\/revisions"}],"predecessor-version":[{"id":6736,"href":"https:\/\/www.oiartzoikastola.eus\/es\/wp-json\/wp\/v2\/posts\/6734\/revisions\/6736"}],"wp:featuredmedia":[{"embeddable":true,"href":"https:\/\/www.oiartzoikastola.eus\/es\/wp-json\/wp\/v2\/media\/6731"}],"wp:attachment":[{"href":"https:\/\/www.oiartzoikastola.eus\/es\/wp-json\/wp\/v2\/media?parent=6734"}],"wp:term":[{"taxonomy":"category","embeddable":true,"href":"https:\/\/www.oiartzoikastola.eus\/es\/wp-json\/wp\/v2\/categories?post=6734"},{"taxonomy":"post_tag","embeddable":true,"href":"https:\/\/www.oiartzoikastola.eus\/es\/wp-json\/wp\/v2\/tags?post=6734"}],"curies":[{"name":"wp","href":"https:\/\/api.w.org\/{rel}","templated":true}]}}